{"id":86824,"date":"2023-10-17T19:46:00","date_gmt":"2023-10-17T17:46:00","guid":{"rendered":"https:\/\/nomadcoffee.es\/?p=86824"},"modified":"2023-10-24T19:24:34","modified_gmt":"2023-10-24T17:24:34","slug":"es-lindustria-del-cafe-un-sector-masculi","status":"publish","type":"post","link":"https:\/\/subs.nomadcoffee.es\/ca\/es-lindustria-del-cafe-un-sector-masculi\/","title":{"rendered":"Es l&#8217;industria del caf\u00e8 un sector mascul\u00ed"},"content":{"rendered":"<p align=\"justify\">Aunque el caf\u00e9 es para todos, la industria del caf\u00e9 es un sector masculino. Por las din\u00e1micas sociales del mundo que habitamos, en el caf\u00e9 ha sucedido como sucedi\u00f3 en el mundo de la cocina: de ser una tarea ejecutada por mujeres en el \u00e1mbito dom\u00e9stico sin ning\u00fan reconocimiento, pas\u00f3 a ser un trabajo profesionalizado y especializado, un reto para hombres. No obstante, la ventaja del sector ha sido nacer en un mundo y en una \u00e9poca mucho m\u00e1s avanzada en cuestiones de igualdad. As\u00ed, aunque si bien es cierto que la mayor\u00eda de baristas y tostadores en cafeter\u00edas y competiciones son hombres, lo cierto es que en la ya no tan incipiente industria del caf\u00e9 de especialidad se han incorporado cada vez m\u00e1s mujeres. En NOMAD, 18 de 39 son mujeres, y no ser\u00edamos los mismos sin ellas.<\/p>\n","protected":false},"excerpt":{"rendered":"<p>Aunque el caf\u00e9 es para todos, la industria del caf\u00e9 es un sector masculino. Por las din\u00e1micas sociales del mundo [&hellip;]<\/p>\n","protected":false},"author":1098,"featured_media":87170,"comment_status":"closed","ping_status":"open","sticky":false,"template":"","format":"standard","meta":{"footnotes":""},"categories":[92],"tags":[],"acf":[],"yoast_head":"<!-- This site is optimized with the Yoast SEO plugin v22.6 - https:\/\/yoast.com\/wordpress\/plugins\/seo\/ -->\n<title>Es l&#039;industria del caf\u00e8 un sector mascul\u00ed - NOMAD<\/title>\n<meta name=\"robots\" content=\"noindex, follow, max-snippet:-1, max-image-preview:large, max-video-preview:-1\" \/>\n<meta property=\"og:locale\" content=\"ca_ES\" \/>\n<meta property=\"og:type\" content=\"article\" \/>\n<meta property=\"og:title\" content=\"Es l&#039;industria del caf\u00e8 un sector mascul\u00ed - NOMAD\" \/>\n<meta property=\"og:description\" content=\"Aunque el caf\u00e9 es para todos, la industria del caf\u00e9 es un sector masculino. Por las din\u00e1micas sociales del mundo [&hellip;]\" \/>\n<meta property=\"og:url\" content=\"https:\/\/subs.nomadcoffee.es\/ca\/es-lindustria-del-cafe-un-sector-masculi\/\" \/>\n<meta property=\"og:site_name\" content=\"NOMAD\" \/>\n<meta property=\"article:published_time\" content=\"2023-10-17T17:46:00+00:00\" \/>\n<meta property=\"article:modified_time\" content=\"2023-10-24T17:24:34+00:00\" \/>\n<meta property=\"og:image\" content=\"https:\/\/subs.nomadcoffee.es\/wp-content\/uploads\/2023\/10\/NOMAD_NEWS_Mujeres_Origen_Cafe-1.jpeg\" \/>\n\t<meta property=\"og:image:width\" content=\"960\" \/>\n\t<meta property=\"og:image:height\" content=\"1200\" \/>\n\t<meta property=\"og:image:type\" content=\"image\/jpeg\" \/>\n<meta name=\"author\" content=\"NOMAD COFFEE\" \/>\n<meta name=\"twitter:card\" content=\"summary_large_image\" \/>\n<meta name=\"twitter:label1\" content=\"Escrit per\" \/>\n\t<meta name=\"twitter:data1\" content=\"NOMAD COFFEE\" \/>\n\t<meta name=\"twitter:label2\" content=\"Temps estimat de lectura\" \/>\n\t<meta name=\"twitter:data2\" content=\"1 minut\" \/>\n<script type=\"application\/ld+json\" class=\"yoast-schema-graph\">{\"@context\":\"https:\/\/schema.org\",\"@graph\":[{\"@type\":\"Article\",\"@id\":\"https:\/\/subs.nomadcoffee.es\/ca\/es-lindustria-del-cafe-un-sector-masculi\/#article\",\"isPartOf\":{\"@id\":\"https:\/\/subs.nomadcoffee.es\/ca\/es-lindustria-del-cafe-un-sector-masculi\/\"},\"author\":{\"name\":\"NOMAD COFFEE\",\"@id\":\"https:\/\/subs.nomadcoffee.es\/ca\/#\/schema\/person\/d08b35cc69c7684e1f3047a4116be6e9\"},\"headline\":\"Es l&#8217;industria del caf\u00e8 un sector mascul\u00ed\",\"datePublished\":\"2023-10-17T17:46:00+00:00\",\"dateModified\":\"2023-10-24T17:24:34+00:00\",\"mainEntityOfPage\":{\"@id\":\"https:\/\/subs.nomadcoffee.es\/ca\/es-lindustria-del-cafe-un-sector-masculi\/\"},\"wordCount\":152,\"publisher\":{\"@id\":\"https:\/\/subs.nomadcoffee.es\/ca\/#organization\"},\"image\":{\"@id\":\"https:\/\/subs.nomadcoffee.es\/ca\/es-lindustria-del-cafe-un-sector-masculi\/#primaryimage\"},\"thumbnailUrl\":\"https:\/\/subs.nomadcoffee.es\/wp-content\/uploads\/2023\/10\/NOMAD_NEWS_Mujeres_Origen_Cafe-1.jpeg\",\"articleSection\":[\"Uncategorized\"],\"inLanguage\":\"ca\"},{\"@type\":\"WebPage\",\"@id\":\"https:\/\/subs.nomadcoffee.es\/ca\/es-lindustria-del-cafe-un-sector-masculi\/\",\"url\":\"https:\/\/subs.nomadcoffee.es\/ca\/es-lindustria-del-cafe-un-sector-masculi\/\",\"name\":\"Es l'industria del caf\u00e8 un sector mascul\u00ed - NOMAD\",\"isPartOf\":{\"@id\":\"https:\/\/subs.nomadcoffee.es\/ca\/#website\"},\"primaryImageOfPage\":{\"@id\":\"https:\/\/subs.nomadcoffee.es\/ca\/es-lindustria-del-cafe-un-sector-masculi\/#primaryimage\"},\"image\":{\"@id\":\"https:\/\/subs.nomadcoffee.es\/ca\/es-lindustria-del-cafe-un-sector-masculi\/#primaryimage\"},\"thumbnailUrl\":\"https:\/\/subs.nomadcoffee.es\/wp-content\/uploads\/2023\/10\/NOMAD_NEWS_Mujeres_Origen_Cafe-1.jpeg\",\"datePublished\":\"2023-10-17T17:46:00+00:00\",\"dateModified\":\"2023-10-24T17:24:34+00:00\",\"breadcrumb\":{\"@id\":\"https:\/\/subs.nomadcoffee.es\/ca\/es-lindustria-del-cafe-un-sector-masculi\/#breadcrumb\"},\"inLanguage\":\"ca\",\"potentialAction\":[{\"@type\":\"ReadAction\",\"target\":[\"https:\/\/subs.nomadcoffee.es\/ca\/es-lindustria-del-cafe-un-sector-masculi\/\"]}]},{\"@type\":\"ImageObject\",\"inLanguage\":\"ca\",\"@id\":\"https:\/\/subs.nomadcoffee.es\/ca\/es-lindustria-del-cafe-un-sector-masculi\/#primaryimage\",\"url\":\"https:\/\/subs.nomadcoffee.es\/wp-content\/uploads\/2023\/10\/NOMAD_NEWS_Mujeres_Origen_Cafe-1.jpeg\",\"contentUrl\":\"https:\/\/subs.nomadcoffee.es\/wp-content\/uploads\/2023\/10\/NOMAD_NEWS_Mujeres_Origen_Cafe-1.jpeg\",\"width\":960,\"height\":1200},{\"@type\":\"BreadcrumbList\",\"@id\":\"https:\/\/subs.nomadcoffee.es\/ca\/es-lindustria-del-cafe-un-sector-masculi\/#breadcrumb\",\"itemListElement\":[{\"@type\":\"ListItem\",\"position\":1,\"name\":\"Portada\",\"item\":\"https:\/\/subs.nomadcoffee.es\/ca\/\"},{\"@type\":\"ListItem\",\"position\":2,\"name\":\"Es l&#8217;industria del caf\u00e8 un sector mascul\u00ed\"}]},{\"@type\":\"WebSite\",\"@id\":\"https:\/\/subs.nomadcoffee.es\/ca\/#website\",\"url\":\"https:\/\/subs.nomadcoffee.es\/ca\/\",\"name\":\"Nomad Coffee\",\"description\":\"Caf\u00e9 de origen, tostado en Barcelona\",\"publisher\":{\"@id\":\"https:\/\/subs.nomadcoffee.es\/ca\/#organization\"},\"alternateName\":\"Nomad Coffee\",\"potentialAction\":[{\"@type\":\"SearchAction\",\"target\":{\"@type\":\"EntryPoint\",\"urlTemplate\":\"https:\/\/subs.nomadcoffee.es\/ca\/?s={search_term_string}\"},\"query-input\":\"required name=search_term_string\"}],\"inLanguage\":\"ca\"},{\"@type\":\"Organization\",\"@id\":\"https:\/\/subs.nomadcoffee.es\/ca\/#organization\",\"name\":\"Nomad Coffee\",\"alternateName\":\"Nomad Coffee\",\"url\":\"https:\/\/subs.nomadcoffee.es\/ca\/\",\"logo\":{\"@type\":\"ImageObject\",\"inLanguage\":\"ca\",\"@id\":\"https:\/\/subs.nomadcoffee.es\/ca\/#\/schema\/logo\/image\/\",\"url\":\"https:\/\/nomadcoffee.es\/wp-content\/uploads\/2023\/05\/logo-Nomad.jpg\",\"contentUrl\":\"https:\/\/nomadcoffee.es\/wp-content\/uploads\/2023\/05\/logo-Nomad.jpg\",\"width\":200,\"height\":200,\"caption\":\"Nomad Coffee\"},\"image\":{\"@id\":\"https:\/\/subs.nomadcoffee.es\/ca\/#\/schema\/logo\/image\/\"}},{\"@type\":\"Person\",\"@id\":\"https:\/\/subs.nomadcoffee.es\/ca\/#\/schema\/person\/d08b35cc69c7684e1f3047a4116be6e9\",\"name\":\"NOMAD COFFEE\",\"image\":{\"@type\":\"ImageObject\",\"inLanguage\":\"ca\",\"@id\":\"https:\/\/subs.nomadcoffee.es\/ca\/#\/schema\/person\/image\/\",\"url\":\"https:\/\/secure.gravatar.com\/avatar\/ab53e28f183f372b64db69fa6d52d310?s=96&d=retro&r=g\",\"contentUrl\":\"https:\/\/secure.gravatar.com\/avatar\/ab53e28f183f372b64db69fa6d52d310?s=96&d=retro&r=g\",\"caption\":\"NOMAD COFFEE\"},\"url\":\"https:\/\/subs.nomadcoffee.es\/ca\/author\/eibol\/\"}]}<\/script>\n<!-- \/ Yoast SEO plugin. -->","yoast_head_json":{"title":"Es l'industria del caf\u00e8 un sector mascul\u00ed - NOMAD","robots":{"index":"noindex","follow":"follow","max-snippet":"max-snippet:-1","max-image-preview":"max-image-preview:large","max-video-preview":"max-video-preview:-1"},"og_locale":"ca_ES","og_type":"article","og_title":"Es l'industria del caf\u00e8 un sector mascul\u00ed - NOMAD","og_description":"Aunque el caf\u00e9 es para todos, la industria del caf\u00e9 es un sector masculino. Por las din\u00e1micas sociales del mundo [&hellip;]","og_url":"https:\/\/subs.nomadcoffee.es\/ca\/es-lindustria-del-cafe-un-sector-masculi\/","og_site_name":"NOMAD","article_published_time":"2023-10-17T17:46:00+00:00","article_modified_time":"2023-10-24T17:24:34+00:00","og_image":[{"width":960,"height":1200,"url":"https:\/\/subs.nomadcoffee.es\/wp-content\/uploads\/2023\/10\/NOMAD_NEWS_Mujeres_Origen_Cafe-1.jpeg","type":"image\/jpeg"}],"author":"NOMAD COFFEE","twitter_card":"summary_large_image","twitter_misc":{"Escrit per":"NOMAD COFFEE","Temps estimat de lectura":"1 minut"},"schema":{"@context":"https:\/\/schema.org","@graph":[{"@type":"Article","@id":"https:\/\/subs.nomadcoffee.es\/ca\/es-lindustria-del-cafe-un-sector-masculi\/#article","isPartOf":{"@id":"https:\/\/subs.nomadcoffee.es\/ca\/es-lindustria-del-cafe-un-sector-masculi\/"},"author":{"name":"NOMAD COFFEE","@id":"https:\/\/subs.nomadcoffee.es\/ca\/#\/schema\/person\/d08b35cc69c7684e1f3047a4116be6e9"},"headline":"Es l&#8217;industria del caf\u00e8 un sector mascul\u00ed","datePublished":"2023-10-17T17:46:00+00:00","dateModified":"2023-10-24T17:24:34+00:00","mainEntityOfPage":{"@id":"https:\/\/subs.nomadcoffee.es\/ca\/es-lindustria-del-cafe-un-sector-masculi\/"},"wordCount":152,"publisher":{"@id":"https:\/\/subs.nomadcoffee.es\/ca\/#organization"},"image":{"@id":"https:\/\/subs.nomadcoffee.es\/ca\/es-lindustria-del-cafe-un-sector-masculi\/#primaryimage"},"thumbnailUrl":"https:\/\/subs.nomadcoffee.es\/wp-content\/uploads\/2023\/10\/NOMAD_NEWS_Mujeres_Origen_Cafe-1.jpeg","articleSection":["Uncategorized"],"inLanguage":"ca"},{"@type":"WebPage","@id":"https:\/\/subs.nomadcoffee.es\/ca\/es-lindustria-del-cafe-un-sector-masculi\/","url":"https:\/\/subs.nomadcoffee.es\/ca\/es-lindustria-del-cafe-un-sector-masculi\/","name":"Es l'industria del caf\u00e8 un sector mascul\u00ed - NOMAD","isPartOf":{"@id":"https:\/\/subs.nomadcoffee.es\/ca\/#website"},"primaryImageOfPage":{"@id":"https:\/\/subs.nomadcoffee.es\/ca\/es-lindustria-del-cafe-un-sector-masculi\/#primaryimage"},"image":{"@id":"https:\/\/subs.nomadcoffee.es\/ca\/es-lindustria-del-cafe-un-sector-masculi\/#primaryimage"},"thumbnailUrl":"https:\/\/subs.nomadcoffee.es\/wp-content\/uploads\/2023\/10\/NOMAD_NEWS_Mujeres_Origen_Cafe-1.jpeg","datePublished":"2023-10-17T17:46:00+00:00","dateModified":"2023-10-24T17:24:34+00:00","breadcrumb":{"@id":"https:\/\/subs.nomadcoffee.es\/ca\/es-lindustria-del-cafe-un-sector-masculi\/#breadcrumb"},"inLanguage":"ca","potentialAction":[{"@type":"ReadAction","target":["https:\/\/subs.nomadcoffee.es\/ca\/es-lindustria-del-cafe-un-sector-masculi\/"]}]},{"@type":"ImageObject","inLanguage":"ca","@id":"https:\/\/subs.nomadcoffee.es\/ca\/es-lindustria-del-cafe-un-sector-masculi\/#primaryimage","url":"https:\/\/subs.nomadcoffee.es\/wp-content\/uploads\/2023\/10\/NOMAD_NEWS_Mujeres_Origen_Cafe-1.jpeg","contentUrl":"https:\/\/subs.nomadcoffee.es\/wp-content\/uploads\/2023\/10\/NOMAD_NEWS_Mujeres_Origen_Cafe-1.jpeg","width":960,"height":1200},{"@type":"BreadcrumbList","@id":"https:\/\/subs.nomadcoffee.es\/ca\/es-lindustria-del-cafe-un-sector-masculi\/#breadcrumb","itemListElement":[{"@type":"ListItem","position":1,"name":"Portada","item":"https:\/\/subs.nomadcoffee.es\/ca\/"},{"@type":"ListItem","position":2,"name":"Es l&#8217;industria del caf\u00e8 un sector mascul\u00ed"}]},{"@type":"WebSite","@id":"https:\/\/subs.nomadcoffee.es\/ca\/#website","url":"https:\/\/subs.nomadcoffee.es\/ca\/","name":"Nomad Coffee","description":"Caf\u00e9 de origen, tostado en Barcelona","publisher":{"@id":"https:\/\/subs.nomadcoffee.es\/ca\/#organization"},"alternateName":"Nomad Coffee","potentialAction":[{"@type":"SearchAction","target":{"@type":"EntryPoint","urlTemplate":"https:\/\/subs.nomadcoffee.es\/ca\/?s={search_term_string}"},"query-input":"required name=search_term_string"}],"inLanguage":"ca"},{"@type":"Organization","@id":"https:\/\/subs.nomadcoffee.es\/ca\/#organization","name":"Nomad Coffee","alternateName":"Nomad Coffee","url":"https:\/\/subs.nomadcoffee.es\/ca\/","logo":{"@type":"ImageObject","inLanguage":"ca","@id":"https:\/\/subs.nomadcoffee.es\/ca\/#\/schema\/logo\/image\/","url":"https:\/\/nomadcoffee.es\/wp-content\/uploads\/2023\/05\/logo-Nomad.jpg","contentUrl":"https:\/\/nomadcoffee.es\/wp-content\/uploads\/2023\/05\/logo-Nomad.jpg","width":200,"height":200,"caption":"Nomad Coffee"},"image":{"@id":"https:\/\/subs.nomadcoffee.es\/ca\/#\/schema\/logo\/image\/"}},{"@type":"Person","@id":"https:\/\/subs.nomadcoffee.es\/ca\/#\/schema\/person\/d08b35cc69c7684e1f3047a4116be6e9","name":"NOMAD COFFEE","image":{"@type":"ImageObject","inLanguage":"ca","@id":"https:\/\/subs.nomadcoffee.es\/ca\/#\/schema\/person\/image\/","url":"https:\/\/secure.gravatar.com\/avatar\/ab53e28f183f372b64db69fa6d52d310?s=96&d=retro&r=g","contentUrl":"https:\/\/secure.gravatar.com\/avatar\/ab53e28f183f372b64db69fa6d52d310?s=96&d=retro&r=g","caption":"NOMAD COFFEE"},"url":"https:\/\/subs.nomadcoffee.es\/ca\/author\/eibol\/"}]}},"_links":{"self":[{"href":"https:\/\/subs.nomadcoffee.es\/ca\/wp-json\/wp\/v2\/posts\/86824"}],"collection":[{"href":"https:\/\/subs.nomadcoffee.es\/ca\/wp-json\/wp\/v2\/posts"}],"about":[{"href":"https:\/\/subs.nomadcoffee.es\/ca\/wp-json\/wp\/v2\/types\/post"}],"author":[{"embeddable":true,"href":"https:\/\/subs.nomadcoffee.es\/ca\/wp-json\/wp\/v2\/users\/1098"}],"replies":[{"embeddable":true,"href":"https:\/\/subs.nomadcoffee.es\/ca\/wp-json\/wp\/v2\/comments?post=86824"}],"version-history":[{"count":6,"href":"https:\/\/subs.nomadcoffee.es\/ca\/wp-json\/wp\/v2\/posts\/86824\/revisions"}],"predecessor-version":[{"id":87177,"href":"https:\/\/subs.nomadcoffee.es\/ca\/wp-json\/wp\/v2\/posts\/86824\/revisions\/87177"}],"wp:featuredmedia":[{"embeddable":true,"href":"https:\/\/subs.nomadcoffee.es\/ca\/wp-json\/wp\/v2\/media\/87170"}],"wp:attachment":[{"href":"https:\/\/subs.nomadcoffee.es\/ca\/wp-json\/wp\/v2\/media?parent=86824"}],"wp:term":[{"taxonomy":"category","embeddable":true,"href":"https:\/\/subs.nomadcoffee.es\/ca\/wp-json\/wp\/v2\/categories?post=86824"},{"taxonomy":"post_tag","embeddable":true,"href":"https:\/\/subs.nomadcoffee.es\/ca\/wp-json\/wp\/v2\/tags?post=86824"}],"curies":[{"name":"wp","href":"https:\/\/api.w.org\/{rel}","templated":true}]}}